{"id":13485,"date":"2025-04-09T15:31:45","date_gmt":"2025-04-09T13:31:45","guid":{"rendered":"https:\/\/female-resources.de\/?p=13485"},"modified":"2025-04-10T09:21:47","modified_gmt":"2025-04-10T07:21:47","slug":"alleinerziehende-muetter-die-uebersehene-antwort-auf-den-fachkraeftemangel","status":"publish","type":"post","link":"https:\/\/female-resources.de\/en\/alleinerziehende-muetter-die-uebersehene-antwort-auf-den-fachkraeftemangel\/","title":{"rendered":"Alleinerziehende M\u00fctter: Die \u00fcbersehene Antwort auf den Fachkr\u00e4ftemangel"},"content":{"rendered":"<h1 class=\"wp-block-heading\">Alleinerziehende M\u00fctter: Die \u00fcbersehene Antwort auf den Fachkr\u00e4ftemangel<\/h1>\n\n\n\n<p>Der anhaltende <strong>Fachkr\u00e4ftemangel<\/strong> stellt Unternehmen in Deutschland vor immense Herausforderungen, w\u00e4hrend gleichzeitig eine qualifizierte Gruppe am Arbeitsmarkt weitgehend \u00fcbersehen wird. Mit rund 1,7 Millionen Alleinerziehenden, davon 82% Frauen, existiert ein enormes <strong>ungenutztes Potenzial<\/strong>, das bei gezielter F\u00f6rderung und Unterst\u00fctzung zur L\u00f6sung des Personalnotstands beitragen k\u00f6nnte.<\/p>\n\n\n\n<h3 class=\"wp-block-heading\">Wichtige Erkenntnisse<\/h3>\n\n\n\n<ul class=\"wp-block-list\">\n<li>Von 1,6 Millionen Alleinerziehenden in Deutschland sind 90% <strong>Frauen<\/strong>, viele arbeiten nur in kleiner Teilzeit oder sind unterwertig besch\u00e4ftigt<\/li>\n\n\n\n<li>Trotz hoher Qualifikation (83% mit mindestens mittlerem Schulabschluss) sind 37,2% der Alleinerziehenden auf <strong>SGB-II-Leistungen<\/strong> angewiesen<\/li>\n\n\n\n<li>Alleinerziehende bringen besondere Kompetenzen mit: <strong>Effizienz, Organisationstalent und Resilienz<\/strong><\/li>\n\n\n\n<li>44% aller Alleinerziehenden scheitern an <strong>starren Arbeitszeiten<\/strong> bei der Arbeitssuche<\/li>\n\n\n\n<li>Flexible Arbeitsmodelle und eine familienfreundliche Unternehmenskultur k\u00f6nnen die Produktivit\u00e4t um <strong>18%<\/strong> steigern<\/li>\n<\/ul>\n\n\n\n<h2 class=\"wp-block-heading\">Die ungenutzte Ressource: Alleinerziehende M\u00fctter als Fachkr\u00e4ftepotenzial<\/h2>\n\n\n\n<p>In Zeiten, in denen laut aktuellen Erhebungen rund 38% der Unternehmen \u00fcber einen gravierenden <strong>Fachkr\u00e4ftemangel<\/strong> klagen, liegt eine m\u00f6gliche L\u00f6sung n\u00e4her als vermutet. Mit 1,7 Millionen Alleinerziehenden, die etwa 19% aller Familien in Deutschland ausmachen, existiert eine betr\u00e4chtliche Gruppe hochqualifizierter Menschen, die am Arbeitsmarkt nicht ihrem Potenzial entsprechend integriert ist.<\/p>\n\n\n\n<p>Besonders auff\u00e4llig ist dabei die Situation alleinerziehender Frauen im Arbeitsmarkt: Obwohl sie mit 71% eine h\u00f6here Erwerbsquote als M\u00fctter in Paarfamilien aufweisen und 41,4% in Vollzeit t\u00e4tig sind (im Vergleich zu 31,1% bei M\u00fcttern in Partnerschaften), leben viele von ihnen in prek\u00e4ren Verh\u00e4ltnissen. Der Widerspruch zwischen hoher Qualifikation und hoher Armutsquote verdeutlicht, dass strukturelle Barrieren und nicht mangelnde Motivation oder F\u00e4higkeiten das Hauptproblem darstellen.<\/p>\n\n\n\n<h2 class=\"wp-block-heading\">Besondere Kompetenzen: Der Mehrwert alleinerziehender M\u00fctter f\u00fcr Unternehmen<\/h2>\n\n\n\n<p>Alleinerziehende M\u00fctter bringen durch ihre Lebenssituation ein <strong>einzigartiges Kompetenzprofil<\/strong> mit, das f\u00fcr Unternehmen besonders wertvoll sein kann. Diese oft untersch\u00e4tzten F\u00e4higkeiten machen sie zu idealen Mitarbeiterinnen in vielen Positionen:<img fetchpriority=\"high\" decoding=\"async\" src=\"https:\/\/female-resources.de\/wp-content\/uploads\/2025\/04\/visual-selection-4.png\" alt=\"\" width=\"895\" height=\"766\"><\/p>\n\n\n\n<p>Diese Kompetenzen, die im allt\u00e4glichen Balanceakt zwischen Familie und Beruf erworben werden, entsprechen in hohem Ma\u00dfe den Anforderungen moderner Arbeitswelten. Unternehmen, die diese <strong>St\u00e4rken erkennen<\/strong> und gezielt f\u00f6rdern, k\u00f6nnen von hochmotivierten und leistungsf\u00e4higen Mitarbeiterinnen profitieren.<\/p>\n\n\n\n<h2 class=\"wp-block-heading\">Strukturelle H\u00fcrden \u00fcberwinden: Hauptbarrieren f\u00fcr beruflichen Erfolg<\/h2>\n\n\n\n<p>Trotz ihrer hohen Qualifikation und Motivation stehen alleinerziehende M\u00fctter vor erheblichen strukturellen Hindernissen auf dem Arbeitsmarkt. Die zentralen Barrieren, die ihre vollst\u00e4ndige Integration verhindern, zeigen sich in folgenden Bereichen:<\/p>\n\n\n\n<figure class=\"wp-block-table\"><table class=\"has-fixed-layout\"><tbody><tr><th>Barriere<\/th><th>Fakten<\/th><th>Auswirkung<\/th><\/tr><tr><td><strong>Starre Arbeitszeiten<\/strong><\/td><td>44% der Alleinerziehenden scheitern an unflexiblen Arbeitsmodellen<\/td><td>Unterwertige Besch\u00e4ftigung oder Arbeitslosigkeit<\/td><\/tr><tr><td><strong>Caregiver-Diskriminierung<\/strong><\/td><td>70% der M\u00fctter erleben berufliche Nachteile durch Betreuungspflichten<\/td><td>Karriereeinbu\u00dfen, Gehaltseinbu\u00dfen, Degradierungen<\/td><\/tr><tr><td><strong>Betreuungsl\u00fccken<\/strong><\/td><td>Unzureichende Kinderbetreuung au\u00dferhalb regul\u00e4rer \u00d6ffnungszeiten<\/td><td>Eingeschr\u00e4nkte Verf\u00fcgbarkeit f\u00fcr Arbeitgeber<\/td><\/tr><tr><td><strong>Gender Pay Gap<\/strong><\/td><td>21% bei Alleinerziehenden (vs. 8% in Paarfamilien)<\/td><td>Erh\u00f6htes Armutsrisiko trotz Erwerbst\u00e4tigkeit<\/td><\/tr><\/tbody><\/table><\/figure>\n\n\n\n<p>Die Care-Arbeit, also die F\u00fcrsorge f\u00fcr Kinder und Haushalt, bleibt dabei \u00fcberwiegend <strong>weibliche Aufgabe<\/strong> \u2013 Studien zeigen, dass M\u00fctter bis zu 15 Stunden pro Woche mehr Care-Arbeit leisten als V\u00e4ter. Dies f\u00fchrt bei alleinerziehenden M\u00fcttern zu einer extremen Doppelbelastung, die ihre beruflichen M\u00f6glichkeiten stark einschr\u00e4nkt, wenn keine unterst\u00fctzenden Strukturen vorhanden sind.<\/p>\n\n\n\n<h2 class=\"wp-block-heading\">Wirtschaftliches Potenzial: Vorteile f\u00fcr Unternehmen und Volkswirtschaft<\/h2>\n\n\n\n<p>Die gezielte Integration alleinerziehender M\u00fctter in den Arbeitsmarkt bietet <strong>signifikante \u00f6konomische Vorteile<\/strong>, die weit \u00fcber die soziale Komponente hinausgehen. F\u00fcr Unternehmen und die gesamte Volkswirtschaft ergeben sich messbare positive Effekte:<\/p>\n\n\n\n<ul class=\"wp-block-list\">\n<li>Laut Wirtschaftsanalysen k\u00f6nnten durch die Aktivierung der &#8222;Stillen Reserve&#8220; von 3,2 Millionen Personen \u2013 wovon betreuungspflichtige Frauen 57% ausmachen \u2013 bis zu <strong>1,7% zus\u00e4tzliches BIP-Wachstum<\/strong> generiert werden<\/li>\n\n\n\n<li>Die ifo-Konjunkturumfrage zeigt, dass 41,5% der Unternehmen Qualifikationsl\u00fccken haben, die durch den gezielten Einsatz qualifizierter alleinerziehender Frauen geschlossen werden k\u00f6nnten<\/li>\n\n\n\n<li>Betriebliche Ma\u00dfnahmen zur besseren Vereinbarkeit von Beruf und Familie k\u00f6nnen die <strong>Produktivit\u00e4t um bis zu 18%<\/strong> steigern und gleichzeitig Fehlzeiten reduzieren<\/li>\n\n\n\n<li>Unternehmen mit ausgeglichener Geschlechterverteilung in F\u00fchrungspositionen verzeichnen nachweislich bessere finanzielle Ergebnisse<\/li>\n<\/ul>\n\n\n\n<p>Diese Zahlen verdeutlichen, dass die Integration alleinerziehender M\u00fctter nicht nur eine ethische oder soziale Frage ist, sondern ein <strong>echtes Wirtschaftspotenzial<\/strong> darstellt, das bisher unzureichend genutzt wird. Unternehmen, die in familienfreundliche Strukturen investieren, profitieren dabei doppelt: durch die Erschlie\u00dfung qualifizierter Arbeitskr\u00e4fte und durch gesteigerte Produktivit\u00e4t.<\/p>\n\n\n\n<h2 class=\"wp-block-heading\">Praktische L\u00f6sungsans\u00e4tze: Was Unternehmen tun k\u00f6nnen<\/h2>\n\n\n\n<p>Um das Potenzial alleinerziehender M\u00fctter zu nutzen, k\u00f6nnen Unternehmen konkrete Ma\u00dfnahmen ergreifen, die sowohl den Bed\u00fcrfnissen dieser <strong>wertvollen Fachkr\u00e4fte<\/strong> als auch den betrieblichen Anforderungen gerecht werden:<\/p>\n\n\n\n<ol class=\"wp-block-list\">\n<li><strong>Direkte Kommunikation f\u00f6rdern<\/strong>: Regelm\u00e4\u00dfige Austauschformate schaffen, um die Bed\u00fcrfnisse alleinerziehender Mitarbeiterinnen besser zu verstehen und spezifische L\u00f6sungen zu entwickeln<\/li>\n\n\n\n<li><strong>Flexible Arbeitsmodelle implementieren<\/strong>: Home-Office-M\u00f6glichkeiten, flexible Gleitzeitmodelle und Arbeit in Randzeiten anbieten<\/li>\n\n\n\n<li><strong>Hybride Arbeitsmodelle mit familienkompatiblen Kernzeiten<\/strong> (bis maximal 15:30 Uhr) etablieren, die mit Schulzeiten kompatibel sind<\/li>\n\n\n\n<li><strong>&#8222;Gro\u00dfe&#8220; Teilzeit (30-32 Stunden)<\/strong> als Standard-Option anbieten, die sowohl existenzsichernd ist als auch Raum f\u00fcr famili\u00e4re Verpflichtungen l\u00e4sst<\/li>\n\n\n\n<li><strong>Karrieref\u00f6rdernde Ma\u00dfnahmen<\/strong> wie Mentoring-Programme speziell f\u00fcr alleinerziehende Mitarbeiterinnen entwickeln<\/li>\n<\/ol>\n\n\n\n<p>Besonders wirksam ist die Kombination verschiedener Ma\u00dfnahmen, die individuell angepasst werden k\u00f6nnen. Wichtig ist dabei der Ansatz, Frauen in F\u00fchrungspositionen zu f\u00f6rdern und gleichzeitig eine unternehmensweite Akzeptanz f\u00fcr flexible Arbeitsmodelle zu schaffen. Nur wenn die Vereinbarkeitsl\u00f6sungen nicht als &#8222;Sonderweg&#8220; f\u00fcr M\u00fctter, sondern als moderne Arbeitsform f\u00fcr alle Mitarbeitenden verstanden werden, l\u00e4sst sich echte Ver\u00e4nderung erreichen.<\/p>\n\n\n\n<h2 class=\"wp-block-heading\">Innovative Arbeitsmodelle als Erfolgsfaktor<\/h2>\n\n\n\n<p>F\u00fchrende Unternehmen setzen bereits erfolgreich auf <strong>innovative Arbeitskonzepte<\/strong>, die besonders f\u00fcr alleinerziehende M\u00fctter attraktiv sind und gleichzeitig betriebliche Vorteile bieten:<\/p>\n\n\n\n<ul class=\"wp-block-list\">\n<li><strong>Job-Sharing und Top-Sharing<\/strong>: Auch F\u00fchrungspositionen k\u00f6nnen im Tandem besetzt werden, wodurch Teilzeitarbeit auch in verantwortungsvollen Positionen m\u00f6glich wird<\/li>\n\n\n\n<li><strong>Notfallbetreuungs-Pools<\/strong>: Betriebliche L\u00f6sungen f\u00fcr unvorhergesehene Betreuungsengp\u00e4sse, etwa bei Krankheit des Kindes<\/li>\n\n\n\n<li><strong>Skill-based Recruiting<\/strong>: Rekrutierungsprozesse, die gezielt die besonderen Kompetenzen alleinerziehender M\u00fctter ber\u00fccksichtigen und wertsch\u00e4tzen<\/li>\n\n\n\n<li><strong>Mentoring-Programme<\/strong>: Spezifische Unterst\u00fctzung f\u00fcr alleinerziehende Mitarbeiterinnen durch erfahrene Kolleginnen und Kollegen<\/li>\n\n\n\n<li><strong>Eltern-Netzwerke<\/strong>: Innerbetriebliche Austauschplattformen zur gegenseitigen Unterst\u00fctzung und L\u00f6sungsfindung<\/li>\n<\/ul>\n\n\n\n<p>Diese Modelle schaffen eine <strong>Win-win-Situation<\/strong>: Alleinerziehende M\u00fctter erhalten die M\u00f6glichkeit, ihre Qualifikationen einzubringen und beruflich voranzukommen, w\u00e4hrend Unternehmen von hochmotivierten, loyalen Mitarbeiterinnen profitieren und gleichzeitig dem Fachkr\u00e4ftemangel entgegenwirken.<\/p>\n\n\n\n<h2 class=\"wp-block-heading\">Fazit: Alleinerziehende M\u00fctter als strategische Ressource<\/h2>\n\n\n\n<p>Die Integration alleinerziehender M\u00fctter in den Arbeitsmarkt ist nicht nur eine Frage sozialer Gerechtigkeit, sondern eine <strong>strategische Notwendigkeit<\/strong> angesichts des wachsenden Fachkr\u00e4ftemangels. Mit ihrer hohen Qualifikation, au\u00dfergew\u00f6hnlichen Kompetenzen und starken Motivation stellen sie eine wertvolle Ressource dar, die es gezielt zu f\u00f6rdern gilt.<\/p>\n\n\n\n<p>Unternehmen, die familienfreundliche Strukturen schaffen und flexible Arbeitsmodelle anbieten, positionieren sich nicht nur als attraktive Arbeitgeber im Wettbewerb um Talente, sondern profitieren auch wirtschaftlich von einer <strong>diversen Belegschaft<\/strong>. Der Schl\u00fcssel zum Erfolg liegt in der \u00dcberwindung struktureller Barrieren und der Schaffung einer Unternehmenskultur, die Vielfalt als St\u00e4rke begreift.<\/p>\n\n\n\n<p>F\u00fcr die Zukunftsf\u00e4higkeit der deutschen Wirtschaft wird es entscheidend sein, das Potenzial alleinerziehender M\u00fctter zu erkennen und gezielt zu nutzen. Ihre Integration ist nicht nur eine Antwort auf den akuten Fachkr\u00e4ftemangel, sondern auch ein wichtiger Schritt auf dem Weg zu mehr <strong>Geschlechtergerechtigkeit<\/strong> und wirtschaftlicher Stabilit\u00e4t.<\/p>\n\n\n\n<p><a href=\"https:\/\/www.bertelsmann-stiftung.de\/fileadmin\/files\/user_upload\/Factsheet_Alleinerziehende_2024.pdf\" rel=\"nofollow\">Bertelsmann Stiftung: Factsheet Alleinerziehende 2024<\/a><br><a href=\"https:\/\/www.sozialpolitik-aktuell.de\/files\/sozialpolitik-aktuell\/_Politikfelder\/Familienpolitik\/Datensammlung\/PDF-Dateien\/abbVII20.pdf\" rel=\"nofollow\">Sozialpolitik-aktuell: Familienpolitik Datensammlung<\/a><br><a href=\"https:\/\/www.o-ton-arbeitsmarkt.de\/menschen-am-rande\/alleinerziehende-problemgruppe-am-arbeitsmarkt\" rel=\"nofollow\">O-Ton Arbeitsmarkt: Alleinerziehende am Arbeitsmarkt<\/a><br><a href=\"https:\/\/www.transcript-verlag.de\/media\/pdf\/70\/3a\/c0\/oa9783839433461YiQyc1SsREI01.pdf\" rel=\"nofollow\">Transcript Verlag: Studie zu Alleinerziehenden<\/a><br><a href=\"https:\/\/www.destatis.de\/DE\/Presse\/Pressemitteilungen\/Zahl-der-Woche\/2023\/PD23_20_p002.html\" rel=\"nofollow\">Destatis: Pressemitteilung zur Situation Alleinerziehender<\/a><br><a href=\"https:\/\/www.equalpayday.de\/informieren\/studien-und-fakten\/\" rel=\"nofollow\">Equal Pay Day: Studien und Fakten<\/a><br><a href=\"https:\/\/www.tagesschau.de\/wirtschaft\/unternehmen\/fachkraeftemangel-muetter-100.html\">Tagesschau: Fachkr\u00e4ftemangel und M\u00fctter<\/a><\/p>","protected":false},"excerpt":{"rendered":"<p>Alleinerziehende M\u00fctter: Die \u00fcbersehene Antwort auf den Fachkr\u00e4ftemangel Der anhaltende Fachkr\u00e4ftemangel stellt Unternehmen in Deutschland vor immense Herausforderungen, w\u00e4hrend gleichzeitig eine qualifizierte Gruppe am Arbeitsmarkt weitgehend \u00fcbersehen wird. Mit rund 1,7 Millionen Alleinerziehenden, davon 82% Frauen, existiert ein enormes ungenutztes Potenzial, das bei gezielter F\u00f6rderung und Unterst\u00fctzung zur L\u00f6sung des Personalnotstands beitragen k\u00f6nnte. Wichtige Erkenntnisse [&hellip;]<\/p>\n","protected":false},"author":1,"featured_media":13513,"comment_status":"closed","ping_status":"closed","sticky":false,"template":"","format":"standard","meta":{"content-type":"","footnotes":""},"categories":[28,1],"tags":[],"class_list":["post-13485","post","type-post","status-publish","format-standard","has-post-thumbnail","hentry","category-female-leadership","category-blog"],"yoast_head":"<!-- This site is optimized with the Yoast SEO plugin v27.1.1 - https:\/\/yoast.com\/product\/yoast-seo-wordpress\/ -->\n<title>Alleinerziehende M\u00fctter: Die \u00fcbersehene Antwort auf den Fachkr\u00e4ftemangel - Female Resources \u2013\u00a0Attract. Retain. Accelerate.<\/title>\n<meta name=\"robots\" content=\"index, follow, max-snippet:-1, max-image-preview:large, max-video-preview:-1\" \/>\n<link rel=\"canonical\" href=\"https:\/\/female-resources.de\/en\/alleinerziehende-muetter-die-uebersehene-antwort-auf-den-fachkraeftemangel\/\" \/>\n<meta property=\"og:locale\" content=\"en_GB\" \/>\n<meta property=\"og:type\" content=\"article\" \/>\n<meta property=\"og:title\" content=\"Alleinerziehende M\u00fctter: Die \u00fcbersehene Antwort auf den Fachkr\u00e4ftemangel - Female Resources \u2013\u00a0Attract. Retain. Accelerate.\" \/>\n<meta property=\"og:description\" content=\"Alleinerziehende M\u00fctter: Die \u00fcbersehene Antwort auf den Fachkr\u00e4ftemangel Der anhaltende Fachkr\u00e4ftemangel stellt Unternehmen in Deutschland vor immense Herausforderungen, w\u00e4hrend gleichzeitig eine qualifizierte Gruppe am Arbeitsmarkt weitgehend \u00fcbersehen wird. Mit rund 1,7 Millionen Alleinerziehenden, davon 82% Frauen, existiert ein enormes ungenutztes Potenzial, das bei gezielter F\u00f6rderung und Unterst\u00fctzung zur L\u00f6sung des Personalnotstands beitragen k\u00f6nnte. Wichtige Erkenntnisse [&hellip;]\" \/>\n<meta property=\"og:url\" content=\"https:\/\/female-resources.de\/en\/alleinerziehende-muetter-die-uebersehene-antwort-auf-den-fachkraeftemangel\/\" \/>\n<meta property=\"og:site_name\" content=\"Female Resources \u2013\u00a0Attract. Retain. Accelerate.\" \/>\n<meta property=\"article:published_time\" content=\"2025-04-09T13:31:45+00:00\" \/>\n<meta property=\"article:modified_time\" content=\"2025-04-10T07:21:47+00:00\" \/>\n<meta property=\"og:image\" content=\"https:\/\/female-resources.de\/wp-content\/uploads\/2025\/04\/Blog-Bild-4.jpg\" \/>\n\t<meta property=\"og:image:width\" content=\"2048\" \/>\n\t<meta property=\"og:image:height\" content=\"1365\" \/>\n\t<meta property=\"og:image:type\" content=\"image\/jpeg\" \/>\n<meta name=\"author\" content=\"female-resources.de\" \/>\n<meta name=\"twitter:card\" content=\"summary_large_image\" \/>\n<meta name=\"twitter:label1\" content=\"Written by\" \/>\n\t<meta name=\"twitter:data1\" content=\"female-resources.de\" \/>\n\t<meta name=\"twitter:label2\" content=\"Estimated reading time\" \/>\n\t<meta name=\"twitter:data2\" content=\"7 minutes\" \/>\n<script type=\"application\/ld+json\" class=\"yoast-schema-graph\">{\"@context\":\"https:\/\/schema.org\",\"@graph\":[{\"@type\":\"Article\",\"@id\":\"https:\/\/female-resources.de\/alleinerziehende-muetter-die-uebersehene-antwort-auf-den-fachkraeftemangel\/#article\",\"isPartOf\":{\"@id\":\"https:\/\/female-resources.de\/alleinerziehende-muetter-die-uebersehene-antwort-auf-den-fachkraeftemangel\/\"},\"author\":{\"name\":\"female-resources.de\",\"@id\":\"https:\/\/female-resources.de\/#\/schema\/person\/097402b610533ae7d400ff743107a37b\"},\"headline\":\"Alleinerziehende M\u00fctter: Die \u00fcbersehene Antwort auf den Fachkr\u00e4ftemangel\",\"datePublished\":\"2025-04-09T13:31:45+00:00\",\"dateModified\":\"2025-04-10T07:21:47+00:00\",\"mainEntityOfPage\":{\"@id\":\"https:\/\/female-resources.de\/alleinerziehende-muetter-die-uebersehene-antwort-auf-den-fachkraeftemangel\/\"},\"wordCount\":1184,\"publisher\":{\"@id\":\"https:\/\/female-resources.de\/#organization\"},\"image\":{\"@id\":\"https:\/\/female-resources.de\/alleinerziehende-muetter-die-uebersehene-antwort-auf-den-fachkraeftemangel\/#primaryimage\"},\"thumbnailUrl\":\"https:\/\/female-resources.de\/wp-content\/uploads\/2025\/04\/Blog-Bild-4.jpg\",\"articleSection\":[\"#Female Leadership\",\"Blog\"],\"inLanguage\":\"en-GB\"},{\"@type\":\"WebPage\",\"@id\":\"https:\/\/female-resources.de\/alleinerziehende-muetter-die-uebersehene-antwort-auf-den-fachkraeftemangel\/\",\"url\":\"https:\/\/female-resources.de\/alleinerziehende-muetter-die-uebersehene-antwort-auf-den-fachkraeftemangel\/\",\"name\":\"Alleinerziehende M\u00fctter: Die \u00fcbersehene Antwort auf den Fachkr\u00e4ftemangel - Female Resources \u2013\u00a0Attract. Retain. Accelerate.\",\"isPartOf\":{\"@id\":\"https:\/\/female-resources.de\/#website\"},\"primaryImageOfPage\":{\"@id\":\"https:\/\/female-resources.de\/alleinerziehende-muetter-die-uebersehene-antwort-auf-den-fachkraeftemangel\/#primaryimage\"},\"image\":{\"@id\":\"https:\/\/female-resources.de\/alleinerziehende-muetter-die-uebersehene-antwort-auf-den-fachkraeftemangel\/#primaryimage\"},\"thumbnailUrl\":\"https:\/\/female-resources.de\/wp-content\/uploads\/2025\/04\/Blog-Bild-4.jpg\",\"datePublished\":\"2025-04-09T13:31:45+00:00\",\"dateModified\":\"2025-04-10T07:21:47+00:00\",\"breadcrumb\":{\"@id\":\"https:\/\/female-resources.de\/alleinerziehende-muetter-die-uebersehene-antwort-auf-den-fachkraeftemangel\/#breadcrumb\"},\"inLanguage\":\"en-GB\",\"potentialAction\":[{\"@type\":\"ReadAction\",\"target\":[\"https:\/\/female-resources.de\/alleinerziehende-muetter-die-uebersehene-antwort-auf-den-fachkraeftemangel\/\"]}]},{\"@type\":\"ImageObject\",\"inLanguage\":\"en-GB\",\"@id\":\"https:\/\/female-resources.de\/alleinerziehende-muetter-die-uebersehene-antwort-auf-den-fachkraeftemangel\/#primaryimage\",\"url\":\"https:\/\/female-resources.de\/wp-content\/uploads\/2025\/04\/Blog-Bild-4.jpg\",\"contentUrl\":\"https:\/\/female-resources.de\/wp-content\/uploads\/2025\/04\/Blog-Bild-4.jpg\",\"width\":2048,\"height\":1365},{\"@type\":\"BreadcrumbList\",\"@id\":\"https:\/\/female-resources.de\/alleinerziehende-muetter-die-uebersehene-antwort-auf-den-fachkraeftemangel\/#breadcrumb\",\"itemListElement\":[{\"@type\":\"ListItem\",\"position\":1,\"name\":\"Startseite\",\"item\":\"https:\/\/female-resources.de\/\"},{\"@type\":\"ListItem\",\"position\":2,\"name\":\"Alleinerziehende M\u00fctter: Die \u00fcbersehene Antwort auf den Fachkr\u00e4ftemangel\"}]},{\"@type\":\"WebSite\",\"@id\":\"https:\/\/female-resources.de\/#website\",\"url\":\"https:\/\/female-resources.de\/\",\"name\":\"Female Resources\",\"description\":\"Wir schaffen Unternehmen, in denen Frauen aufsteigen k\u00f6nnen und wollen.\",\"publisher\":{\"@id\":\"https:\/\/female-resources.de\/#organization\"},\"potentialAction\":[{\"@type\":\"SearchAction\",\"target\":{\"@type\":\"EntryPoint\",\"urlTemplate\":\"https:\/\/female-resources.de\/?s={search_term_string}\"},\"query-input\":{\"@type\":\"PropertyValueSpecification\",\"valueRequired\":true,\"valueName\":\"search_term_string\"}}],\"inLanguage\":\"en-GB\"},{\"@type\":\"Organization\",\"@id\":\"https:\/\/female-resources.de\/#organization\",\"name\":\"Female Resources\",\"url\":\"https:\/\/female-resources.de\/\",\"logo\":{\"@type\":\"ImageObject\",\"inLanguage\":\"en-GB\",\"@id\":\"https:\/\/female-resources.de\/#\/schema\/logo\/image\/\",\"url\":\"https:\/\/female-resources.de\/wp-content\/uploads\/2024\/06\/FR-Pink.svg\",\"contentUrl\":\"https:\/\/female-resources.de\/wp-content\/uploads\/2024\/06\/FR-Pink.svg\",\"width\":300,\"height\":100,\"caption\":\"Female Resources\"},\"image\":{\"@id\":\"https:\/\/female-resources.de\/#\/schema\/logo\/image\/\"}},{\"@type\":\"Person\",\"@id\":\"https:\/\/female-resources.de\/#\/schema\/person\/097402b610533ae7d400ff743107a37b\",\"name\":\"female-resources.de\",\"image\":{\"@type\":\"ImageObject\",\"inLanguage\":\"en-GB\",\"@id\":\"https:\/\/female-resources.de\/#\/schema\/person\/image\/\",\"url\":\"https:\/\/secure.gravatar.com\/avatar\/82c2c9655a55a57fdafabd6f69da20d4351eb76cfaf926d972b1996af3196b71?s=96&d=mm&r=g\",\"contentUrl\":\"https:\/\/secure.gravatar.com\/avatar\/82c2c9655a55a57fdafabd6f69da20d4351eb76cfaf926d972b1996af3196b71?s=96&d=mm&r=g\",\"caption\":\"female-resources.de\"},\"sameAs\":[\"https:\/\/female-resources.de\"]}]}<\/script>\n<!-- \/ Yoast SEO plugin. -->","yoast_head_json":{"title":"Alleinerziehende M\u00fctter: Die \u00fcbersehene Antwort auf den Fachkr\u00e4ftemangel - Female Resources \u2013\u00a0Attract. Retain. Accelerate.","robots":{"index":"index","follow":"follow","max-snippet":"max-snippet:-1","max-image-preview":"max-image-preview:large","max-video-preview":"max-video-preview:-1"},"canonical":"https:\/\/female-resources.de\/en\/alleinerziehende-muetter-die-uebersehene-antwort-auf-den-fachkraeftemangel\/","og_locale":"en_GB","og_type":"article","og_title":"Alleinerziehende M\u00fctter: Die \u00fcbersehene Antwort auf den Fachkr\u00e4ftemangel - Female Resources \u2013\u00a0Attract. Retain. Accelerate.","og_description":"Alleinerziehende M\u00fctter: Die \u00fcbersehene Antwort auf den Fachkr\u00e4ftemangel Der anhaltende Fachkr\u00e4ftemangel stellt Unternehmen in Deutschland vor immense Herausforderungen, w\u00e4hrend gleichzeitig eine qualifizierte Gruppe am Arbeitsmarkt weitgehend \u00fcbersehen wird. Mit rund 1,7 Millionen Alleinerziehenden, davon 82% Frauen, existiert ein enormes ungenutztes Potenzial, das bei gezielter F\u00f6rderung und Unterst\u00fctzung zur L\u00f6sung des Personalnotstands beitragen k\u00f6nnte. Wichtige Erkenntnisse [&hellip;]","og_url":"https:\/\/female-resources.de\/en\/alleinerziehende-muetter-die-uebersehene-antwort-auf-den-fachkraeftemangel\/","og_site_name":"Female Resources \u2013\u00a0Attract. Retain. Accelerate.","article_published_time":"2025-04-09T13:31:45+00:00","article_modified_time":"2025-04-10T07:21:47+00:00","og_image":[{"width":2048,"height":1365,"url":"https:\/\/female-resources.de\/wp-content\/uploads\/2025\/04\/Blog-Bild-4.jpg","type":"image\/jpeg"}],"author":"female-resources.de","twitter_card":"summary_large_image","twitter_misc":{"Written by":"female-resources.de","Estimated reading time":"7 minutes"},"schema":{"@context":"https:\/\/schema.org","@graph":[{"@type":"Article","@id":"https:\/\/female-resources.de\/alleinerziehende-muetter-die-uebersehene-antwort-auf-den-fachkraeftemangel\/#article","isPartOf":{"@id":"https:\/\/female-resources.de\/alleinerziehende-muetter-die-uebersehene-antwort-auf-den-fachkraeftemangel\/"},"author":{"name":"female-resources.de","@id":"https:\/\/female-resources.de\/#\/schema\/person\/097402b610533ae7d400ff743107a37b"},"headline":"Alleinerziehende M\u00fctter: Die \u00fcbersehene Antwort auf den Fachkr\u00e4ftemangel","datePublished":"2025-04-09T13:31:45+00:00","dateModified":"2025-04-10T07:21:47+00:00","mainEntityOfPage":{"@id":"https:\/\/female-resources.de\/alleinerziehende-muetter-die-uebersehene-antwort-auf-den-fachkraeftemangel\/"},"wordCount":1184,"publisher":{"@id":"https:\/\/female-resources.de\/#organization"},"image":{"@id":"https:\/\/female-resources.de\/alleinerziehende-muetter-die-uebersehene-antwort-auf-den-fachkraeftemangel\/#primaryimage"},"thumbnailUrl":"https:\/\/female-resources.de\/wp-content\/uploads\/2025\/04\/Blog-Bild-4.jpg","articleSection":["#Female Leadership","Blog"],"inLanguage":"en-GB"},{"@type":"WebPage","@id":"https:\/\/female-resources.de\/alleinerziehende-muetter-die-uebersehene-antwort-auf-den-fachkraeftemangel\/","url":"https:\/\/female-resources.de\/alleinerziehende-muetter-die-uebersehene-antwort-auf-den-fachkraeftemangel\/","name":"Alleinerziehende M\u00fctter: Die \u00fcbersehene Antwort auf den Fachkr\u00e4ftemangel - Female Resources \u2013\u00a0Attract. Retain. Accelerate.","isPartOf":{"@id":"https:\/\/female-resources.de\/#website"},"primaryImageOfPage":{"@id":"https:\/\/female-resources.de\/alleinerziehende-muetter-die-uebersehene-antwort-auf-den-fachkraeftemangel\/#primaryimage"},"image":{"@id":"https:\/\/female-resources.de\/alleinerziehende-muetter-die-uebersehene-antwort-auf-den-fachkraeftemangel\/#primaryimage"},"thumbnailUrl":"https:\/\/female-resources.de\/wp-content\/uploads\/2025\/04\/Blog-Bild-4.jpg","datePublished":"2025-04-09T13:31:45+00:00","dateModified":"2025-04-10T07:21:47+00:00","breadcrumb":{"@id":"https:\/\/female-resources.de\/alleinerziehende-muetter-die-uebersehene-antwort-auf-den-fachkraeftemangel\/#breadcrumb"},"inLanguage":"en-GB","potentialAction":[{"@type":"ReadAction","target":["https:\/\/female-resources.de\/alleinerziehende-muetter-die-uebersehene-antwort-auf-den-fachkraeftemangel\/"]}]},{"@type":"ImageObject","inLanguage":"en-GB","@id":"https:\/\/female-resources.de\/alleinerziehende-muetter-die-uebersehene-antwort-auf-den-fachkraeftemangel\/#primaryimage","url":"https:\/\/female-resources.de\/wp-content\/uploads\/2025\/04\/Blog-Bild-4.jpg","contentUrl":"https:\/\/female-resources.de\/wp-content\/uploads\/2025\/04\/Blog-Bild-4.jpg","width":2048,"height":1365},{"@type":"BreadcrumbList","@id":"https:\/\/female-resources.de\/alleinerziehende-muetter-die-uebersehene-antwort-auf-den-fachkraeftemangel\/#breadcrumb","itemListElement":[{"@type":"ListItem","position":1,"name":"Startseite","item":"https:\/\/female-resources.de\/"},{"@type":"ListItem","position":2,"name":"Alleinerziehende M\u00fctter: Die \u00fcbersehene Antwort auf den Fachkr\u00e4ftemangel"}]},{"@type":"WebSite","@id":"https:\/\/female-resources.de\/#website","url":"https:\/\/female-resources.de\/","name":"Female Resources","description":"Wir schaffen Unternehmen, in denen Frauen aufsteigen k\u00f6nnen und wollen.","publisher":{"@id":"https:\/\/female-resources.de\/#organization"},"potentialAction":[{"@type":"SearchAction","target":{"@type":"EntryPoint","urlTemplate":"https:\/\/female-resources.de\/?s={search_term_string}"},"query-input":{"@type":"PropertyValueSpecification","valueRequired":true,"valueName":"search_term_string"}}],"inLanguage":"en-GB"},{"@type":"Organization","@id":"https:\/\/female-resources.de\/#organization","name":"Female Resources","url":"https:\/\/female-resources.de\/","logo":{"@type":"ImageObject","inLanguage":"en-GB","@id":"https:\/\/female-resources.de\/#\/schema\/logo\/image\/","url":"https:\/\/female-resources.de\/wp-content\/uploads\/2024\/06\/FR-Pink.svg","contentUrl":"https:\/\/female-resources.de\/wp-content\/uploads\/2024\/06\/FR-Pink.svg","width":300,"height":100,"caption":"Female Resources"},"image":{"@id":"https:\/\/female-resources.de\/#\/schema\/logo\/image\/"}},{"@type":"Person","@id":"https:\/\/female-resources.de\/#\/schema\/person\/097402b610533ae7d400ff743107a37b","name":"female-resources.de","image":{"@type":"ImageObject","inLanguage":"en-GB","@id":"https:\/\/female-resources.de\/#\/schema\/person\/image\/","url":"https:\/\/secure.gravatar.com\/avatar\/82c2c9655a55a57fdafabd6f69da20d4351eb76cfaf926d972b1996af3196b71?s=96&d=mm&r=g","contentUrl":"https:\/\/secure.gravatar.com\/avatar\/82c2c9655a55a57fdafabd6f69da20d4351eb76cfaf926d972b1996af3196b71?s=96&d=mm&r=g","caption":"female-resources.de"},"sameAs":["https:\/\/female-resources.de"]}]}},"_links":{"self":[{"href":"https:\/\/female-resources.de\/en\/wp-json\/wp\/v2\/posts\/13485","targetHints":{"allow":["GET"]}}],"collection":[{"href":"https:\/\/female-resources.de\/en\/wp-json\/wp\/v2\/posts"}],"about":[{"href":"https:\/\/female-resources.de\/en\/wp-json\/wp\/v2\/types\/post"}],"author":[{"embeddable":true,"href":"https:\/\/female-resources.de\/en\/wp-json\/wp\/v2\/users\/1"}],"replies":[{"embeddable":true,"href":"https:\/\/female-resources.de\/en\/wp-json\/wp\/v2\/comments?post=13485"}],"version-history":[{"count":0,"href":"https:\/\/female-resources.de\/en\/wp-json\/wp\/v2\/posts\/13485\/revisions"}],"wp:featuredmedia":[{"embeddable":true,"href":"https:\/\/female-resources.de\/en\/wp-json\/wp\/v2\/media\/13513"}],"wp:attachment":[{"href":"https:\/\/female-resources.de\/en\/wp-json\/wp\/v2\/media?parent=13485"}],"wp:term":[{"taxonomy":"category","embeddable":true,"href":"https:\/\/female-resources.de\/en\/wp-json\/wp\/v2\/categories?post=13485"},{"taxonomy":"post_tag","embeddable":true,"href":"https:\/\/female-resources.de\/en\/wp-json\/wp\/v2\/tags?post=13485"}],"curies":[{"name":"wp","href":"https:\/\/api.w.org\/{rel}","templated":true}]}}