{"id":9732,"date":"2024-10-23T12:50:34","date_gmt":"2024-10-23T10:50:34","guid":{"rendered":"https:\/\/female-resources.de\/?p=9732"},"modified":"2024-10-23T12:50:34","modified_gmt":"2024-10-23T10:50:34","slug":"dr-claus-van-der-velden-im-interview-mit-ladies-in-tech","status":"publish","type":"post","link":"https:\/\/female-resources.de\/en\/dr-claus-van-der-velden-im-interview-mit-ladies-in-tech\/","title":{"rendered":"Dr. Claus van der Velden im Interview mit \u201eLadies in Tech\u201c"},"content":{"rendered":"<p>Die Gesch\u00e4ftsleitung hat die Chancengleichheit im Blick, reportet dies regelm\u00e4\u00dfig, und das geschieht in einem K\u00f6lner TECH-Unternehmen! Wie und was das Unternehmen im einzelnen tut, um mehr Frauen in die Tech-Branche und in F\u00fchrung zu bekommen, erl\u00e4utert Dr. Claus van der Velden, Co-Gesch\u00e4ftsf\u00fchrer unseres B\u00fcndnis-Unternehmens <a href=\"https:\/\/netcologne-unternehmen.de\/\">NetCologne<\/a>, im Interview mit den \u201e<a href=\"https:\/\/lit.eco.de\/lit-ladies-in-tech-unsere-mission\/\">Ladies in tech<\/a>\u201c, eine Initiative des Internet-Verbands <a href=\"https:\/\/www.eco.de\/\">eco<\/a>. Wir sind sehr stolz darauf, mit NetCologne ein solch vorbildliches Unternehmen im B\u00fcndnis MIT FRAUEN IN F\u00dcHRUNG und mit Dr. Claus van der Velden einen vision\u00e4ren Unternehmenslenker an Bord zu haben! Nachlesen k\u00f6nnt ihr das Interview <a href=\"https:\/\/lit.eco.de\/im-gespraech-mit-dr-claus-van-der-velden-kaufmaennischer-geschaeftsfuehrer-bei-netcologne-gesellschaft-fuer-telekommunikation-mbh-2\/\">HIER<\/a><\/p>","protected":false},"excerpt":{"rendered":"<p>Die Gesch\u00e4ftsleitung hat die Chancengleichheit im Blick, reportet dies regelm\u00e4\u00dfig, und das geschieht in einem K\u00f6lner TECH-Unternehmen! Wie und was das Unternehmen im einzelnen tut, um mehr Frauen in die Tech-Branche und in F\u00fchrung zu bekommen, erl\u00e4utert Dr. Claus van der Velden, Co-Gesch\u00e4ftsf\u00fchrer unseres B\u00fcndnis-Unternehmens NetCologne, im Interview mit den \u201eLadies in tech\u201c, eine Initiative [&hellip;]<\/p>\n","protected":false},"author":3,"featured_media":3897,"comment_status":"open","ping_status":"open","sticky":false,"template":"","format":"standard","meta":{"content-type":"","footnotes":""},"categories":[9,1],"tags":[],"class_list":["post-9732","post","type-post","status-publish","format-standard","has-post-thumbnail","hentry","category-buendnismfif","category-blog"],"yoast_head":"<!-- This site is optimized with the Yoast SEO plugin v27.1.1 - https:\/\/yoast.com\/product\/yoast-seo-wordpress\/ -->\n<title>Dr. Claus van der Velden im Interview mit \u201eLadies in Tech\u201c - Female Resources \u2013\u00a0Attract. Retain. Accelerate.<\/title>\n<meta name=\"robots\" content=\"index, follow, max-snippet:-1, max-image-preview:large, max-video-preview:-1\" \/>\n<link rel=\"canonical\" href=\"https:\/\/female-resources.de\/en\/dr-claus-van-der-velden-im-interview-mit-ladies-in-tech\/\" \/>\n<meta property=\"og:locale\" content=\"en_GB\" \/>\n<meta property=\"og:type\" content=\"article\" \/>\n<meta property=\"og:title\" content=\"Dr. Claus van der Velden im Interview mit \u201eLadies in Tech\u201c - Female Resources \u2013\u00a0Attract. Retain. Accelerate.\" \/>\n<meta property=\"og:description\" content=\"Die Gesch\u00e4ftsleitung hat die Chancengleichheit im Blick, reportet dies regelm\u00e4\u00dfig, und das geschieht in einem K\u00f6lner TECH-Unternehmen! Wie und was das Unternehmen im einzelnen tut, um mehr Frauen in die Tech-Branche und in F\u00fchrung zu bekommen, erl\u00e4utert Dr. Claus van der Velden, Co-Gesch\u00e4ftsf\u00fchrer unseres B\u00fcndnis-Unternehmens NetCologne, im Interview mit den \u201eLadies in tech\u201c, eine Initiative [&hellip;]\" \/>\n<meta property=\"og:url\" content=\"https:\/\/female-resources.de\/en\/dr-claus-van-der-velden-im-interview-mit-ladies-in-tech\/\" \/>\n<meta property=\"og:site_name\" content=\"Female Resources \u2013\u00a0Attract. Retain. Accelerate.\" \/>\n<meta property=\"article:published_time\" content=\"2024-10-23T10:50:34+00:00\" \/>\n<meta property=\"og:image\" content=\"https:\/\/female-resources.de\/wp-content\/uploads\/2024\/08\/Dr.-Claus-van-der-Velden-I-Netcologne.jpg\" \/>\n\t<meta property=\"og:image:width\" content=\"800\" \/>\n\t<meta property=\"og:image:height\" content=\"714\" \/>\n\t<meta property=\"og:image:type\" content=\"image\/jpeg\" \/>\n<meta name=\"author\" content=\"Brigitte\" \/>\n<meta name=\"twitter:card\" content=\"summary_large_image\" \/>\n<meta name=\"twitter:label1\" content=\"Written by\" \/>\n\t<meta name=\"twitter:data1\" content=\"Brigitte\" \/>\n\t<meta name=\"twitter:label2\" content=\"Estimated reading time\" \/>\n\t<meta name=\"twitter:data2\" content=\"1 minute\" \/>\n<script type=\"application\/ld+json\" class=\"yoast-schema-graph\">{\"@context\":\"https:\/\/schema.org\",\"@graph\":[{\"@type\":\"Article\",\"@id\":\"https:\/\/female-resources.de\/dr-claus-van-der-velden-im-interview-mit-ladies-in-tech\/#article\",\"isPartOf\":{\"@id\":\"https:\/\/female-resources.de\/dr-claus-van-der-velden-im-interview-mit-ladies-in-tech\/\"},\"author\":{\"name\":\"Brigitte\",\"@id\":\"https:\/\/female-resources.de\/#\/schema\/person\/b4668b599e9c96df7f391c655ae49bf4\"},\"headline\":\"Dr. Claus van der Velden im Interview mit \u201eLadies in Tech\u201c\",\"datePublished\":\"2024-10-23T10:50:34+00:00\",\"mainEntityOfPage\":{\"@id\":\"https:\/\/female-resources.de\/dr-claus-van-der-velden-im-interview-mit-ladies-in-tech\/\"},\"wordCount\":118,\"commentCount\":0,\"publisher\":{\"@id\":\"https:\/\/female-resources.de\/#organization\"},\"image\":{\"@id\":\"https:\/\/female-resources.de\/dr-claus-van-der-velden-im-interview-mit-ladies-in-tech\/#primaryimage\"},\"thumbnailUrl\":\"https:\/\/female-resources.de\/wp-content\/uploads\/2024\/08\/Dr.-Claus-van-der-Velden-I-Netcologne.jpg\",\"articleSection\":[\"#B\u00fcndnisMFIF\",\"Blog\"],\"inLanguage\":\"en-GB\",\"potentialAction\":[{\"@type\":\"CommentAction\",\"name\":\"Comment\",\"target\":[\"https:\/\/female-resources.de\/dr-claus-van-der-velden-im-interview-mit-ladies-in-tech\/#respond\"]}]},{\"@type\":\"WebPage\",\"@id\":\"https:\/\/female-resources.de\/dr-claus-van-der-velden-im-interview-mit-ladies-in-tech\/\",\"url\":\"https:\/\/female-resources.de\/dr-claus-van-der-velden-im-interview-mit-ladies-in-tech\/\",\"name\":\"Dr. Claus van der Velden im Interview mit \u201eLadies in Tech\u201c - Female Resources \u2013\u00a0Attract. Retain. Accelerate.\",\"isPartOf\":{\"@id\":\"https:\/\/female-resources.de\/#website\"},\"primaryImageOfPage\":{\"@id\":\"https:\/\/female-resources.de\/dr-claus-van-der-velden-im-interview-mit-ladies-in-tech\/#primaryimage\"},\"image\":{\"@id\":\"https:\/\/female-resources.de\/dr-claus-van-der-velden-im-interview-mit-ladies-in-tech\/#primaryimage\"},\"thumbnailUrl\":\"https:\/\/female-resources.de\/wp-content\/uploads\/2024\/08\/Dr.-Claus-van-der-Velden-I-Netcologne.jpg\",\"datePublished\":\"2024-10-23T10:50:34+00:00\",\"breadcrumb\":{\"@id\":\"https:\/\/female-resources.de\/dr-claus-van-der-velden-im-interview-mit-ladies-in-tech\/#breadcrumb\"},\"inLanguage\":\"en-GB\",\"potentialAction\":[{\"@type\":\"ReadAction\",\"target\":[\"https:\/\/female-resources.de\/dr-claus-van-der-velden-im-interview-mit-ladies-in-tech\/\"]}]},{\"@type\":\"ImageObject\",\"inLanguage\":\"en-GB\",\"@id\":\"https:\/\/female-resources.de\/dr-claus-van-der-velden-im-interview-mit-ladies-in-tech\/#primaryimage\",\"url\":\"https:\/\/female-resources.de\/wp-content\/uploads\/2024\/08\/Dr.-Claus-van-der-Velden-I-Netcologne.jpg\",\"contentUrl\":\"https:\/\/female-resources.de\/wp-content\/uploads\/2024\/08\/Dr.-Claus-van-der-Velden-I-Netcologne.jpg\",\"width\":800,\"height\":714},{\"@type\":\"BreadcrumbList\",\"@id\":\"https:\/\/female-resources.de\/dr-claus-van-der-velden-im-interview-mit-ladies-in-tech\/#breadcrumb\",\"itemListElement\":[{\"@type\":\"ListItem\",\"position\":1,\"name\":\"Startseite\",\"item\":\"https:\/\/female-resources.de\/\"},{\"@type\":\"ListItem\",\"position\":2,\"name\":\"Dr. Claus van der Velden im Interview mit \u201eLadies in Tech\u201c\"}]},{\"@type\":\"WebSite\",\"@id\":\"https:\/\/female-resources.de\/#website\",\"url\":\"https:\/\/female-resources.de\/\",\"name\":\"Female Resources\",\"description\":\"Wir schaffen Unternehmen, in denen Frauen aufsteigen k\u00f6nnen und wollen.\",\"publisher\":{\"@id\":\"https:\/\/female-resources.de\/#organization\"},\"potentialAction\":[{\"@type\":\"SearchAction\",\"target\":{\"@type\":\"EntryPoint\",\"urlTemplate\":\"https:\/\/female-resources.de\/?s={search_term_string}\"},\"query-input\":{\"@type\":\"PropertyValueSpecification\",\"valueRequired\":true,\"valueName\":\"search_term_string\"}}],\"inLanguage\":\"en-GB\"},{\"@type\":\"Organization\",\"@id\":\"https:\/\/female-resources.de\/#organization\",\"name\":\"Female Resources\",\"url\":\"https:\/\/female-resources.de\/\",\"logo\":{\"@type\":\"ImageObject\",\"inLanguage\":\"en-GB\",\"@id\":\"https:\/\/female-resources.de\/#\/schema\/logo\/image\/\",\"url\":\"https:\/\/female-resources.de\/wp-content\/uploads\/2024\/06\/FR-Pink.svg\",\"contentUrl\":\"https:\/\/female-resources.de\/wp-content\/uploads\/2024\/06\/FR-Pink.svg\",\"width\":300,\"height\":100,\"caption\":\"Female Resources\"},\"image\":{\"@id\":\"https:\/\/female-resources.de\/#\/schema\/logo\/image\/\"}},{\"@type\":\"Person\",\"@id\":\"https:\/\/female-resources.de\/#\/schema\/person\/b4668b599e9c96df7f391c655ae49bf4\",\"name\":\"Brigitte\",\"image\":{\"@type\":\"ImageObject\",\"inLanguage\":\"en-GB\",\"@id\":\"https:\/\/female-resources.de\/#\/schema\/person\/image\/\",\"url\":\"https:\/\/secure.gravatar.com\/avatar\/2f2e9b7a6afccc555912a5b5f56b1b465c43b2c34d48c8e5eb742925369c9f55?s=96&d=mm&r=g\",\"contentUrl\":\"https:\/\/secure.gravatar.com\/avatar\/2f2e9b7a6afccc555912a5b5f56b1b465c43b2c34d48c8e5eb742925369c9f55?s=96&d=mm&r=g\",\"caption\":\"Brigitte\"}}]}<\/script>\n<!-- \/ Yoast SEO plugin. -->","yoast_head_json":{"title":"Dr. Claus van der Velden im Interview mit \u201eLadies in Tech\u201c - Female Resources \u2013\u00a0Attract. Retain. Accelerate.","robots":{"index":"index","follow":"follow","max-snippet":"max-snippet:-1","max-image-preview":"max-image-preview:large","max-video-preview":"max-video-preview:-1"},"canonical":"https:\/\/female-resources.de\/en\/dr-claus-van-der-velden-im-interview-mit-ladies-in-tech\/","og_locale":"en_GB","og_type":"article","og_title":"Dr. Claus van der Velden im Interview mit \u201eLadies in Tech\u201c - Female Resources \u2013\u00a0Attract. Retain. Accelerate.","og_description":"Die Gesch\u00e4ftsleitung hat die Chancengleichheit im Blick, reportet dies regelm\u00e4\u00dfig, und das geschieht in einem K\u00f6lner TECH-Unternehmen! Wie und was das Unternehmen im einzelnen tut, um mehr Frauen in die Tech-Branche und in F\u00fchrung zu bekommen, erl\u00e4utert Dr. Claus van der Velden, Co-Gesch\u00e4ftsf\u00fchrer unseres B\u00fcndnis-Unternehmens NetCologne, im Interview mit den \u201eLadies in tech\u201c, eine Initiative [&hellip;]","og_url":"https:\/\/female-resources.de\/en\/dr-claus-van-der-velden-im-interview-mit-ladies-in-tech\/","og_site_name":"Female Resources \u2013\u00a0Attract. Retain. Accelerate.","article_published_time":"2024-10-23T10:50:34+00:00","og_image":[{"width":800,"height":714,"url":"https:\/\/female-resources.de\/wp-content\/uploads\/2024\/08\/Dr.-Claus-van-der-Velden-I-Netcologne.jpg","type":"image\/jpeg"}],"author":"Brigitte","twitter_card":"summary_large_image","twitter_misc":{"Written by":"Brigitte","Estimated reading time":"1 minute"},"schema":{"@context":"https:\/\/schema.org","@graph":[{"@type":"Article","@id":"https:\/\/female-resources.de\/dr-claus-van-der-velden-im-interview-mit-ladies-in-tech\/#article","isPartOf":{"@id":"https:\/\/female-resources.de\/dr-claus-van-der-velden-im-interview-mit-ladies-in-tech\/"},"author":{"name":"Brigitte","@id":"https:\/\/female-resources.de\/#\/schema\/person\/b4668b599e9c96df7f391c655ae49bf4"},"headline":"Dr. Claus van der Velden im Interview mit \u201eLadies in Tech\u201c","datePublished":"2024-10-23T10:50:34+00:00","mainEntityOfPage":{"@id":"https:\/\/female-resources.de\/dr-claus-van-der-velden-im-interview-mit-ladies-in-tech\/"},"wordCount":118,"commentCount":0,"publisher":{"@id":"https:\/\/female-resources.de\/#organization"},"image":{"@id":"https:\/\/female-resources.de\/dr-claus-van-der-velden-im-interview-mit-ladies-in-tech\/#primaryimage"},"thumbnailUrl":"https:\/\/female-resources.de\/wp-content\/uploads\/2024\/08\/Dr.-Claus-van-der-Velden-I-Netcologne.jpg","articleSection":["#B\u00fcndnisMFIF","Blog"],"inLanguage":"en-GB","potentialAction":[{"@type":"CommentAction","name":"Comment","target":["https:\/\/female-resources.de\/dr-claus-van-der-velden-im-interview-mit-ladies-in-tech\/#respond"]}]},{"@type":"WebPage","@id":"https:\/\/female-resources.de\/dr-claus-van-der-velden-im-interview-mit-ladies-in-tech\/","url":"https:\/\/female-resources.de\/dr-claus-van-der-velden-im-interview-mit-ladies-in-tech\/","name":"Dr. Claus van der Velden im Interview mit \u201eLadies in Tech\u201c - Female Resources \u2013\u00a0Attract. Retain. Accelerate.","isPartOf":{"@id":"https:\/\/female-resources.de\/#website"},"primaryImageOfPage":{"@id":"https:\/\/female-resources.de\/dr-claus-van-der-velden-im-interview-mit-ladies-in-tech\/#primaryimage"},"image":{"@id":"https:\/\/female-resources.de\/dr-claus-van-der-velden-im-interview-mit-ladies-in-tech\/#primaryimage"},"thumbnailUrl":"https:\/\/female-resources.de\/wp-content\/uploads\/2024\/08\/Dr.-Claus-van-der-Velden-I-Netcologne.jpg","datePublished":"2024-10-23T10:50:34+00:00","breadcrumb":{"@id":"https:\/\/female-resources.de\/dr-claus-van-der-velden-im-interview-mit-ladies-in-tech\/#breadcrumb"},"inLanguage":"en-GB","potentialAction":[{"@type":"ReadAction","target":["https:\/\/female-resources.de\/dr-claus-van-der-velden-im-interview-mit-ladies-in-tech\/"]}]},{"@type":"ImageObject","inLanguage":"en-GB","@id":"https:\/\/female-resources.de\/dr-claus-van-der-velden-im-interview-mit-ladies-in-tech\/#primaryimage","url":"https:\/\/female-resources.de\/wp-content\/uploads\/2024\/08\/Dr.-Claus-van-der-Velden-I-Netcologne.jpg","contentUrl":"https:\/\/female-resources.de\/wp-content\/uploads\/2024\/08\/Dr.-Claus-van-der-Velden-I-Netcologne.jpg","width":800,"height":714},{"@type":"BreadcrumbList","@id":"https:\/\/female-resources.de\/dr-claus-van-der-velden-im-interview-mit-ladies-in-tech\/#breadcrumb","itemListElement":[{"@type":"ListItem","position":1,"name":"Startseite","item":"https:\/\/female-resources.de\/"},{"@type":"ListItem","position":2,"name":"Dr. Claus van der Velden im Interview mit \u201eLadies in Tech\u201c"}]},{"@type":"WebSite","@id":"https:\/\/female-resources.de\/#website","url":"https:\/\/female-resources.de\/","name":"Female Resources","description":"Wir schaffen Unternehmen, in denen Frauen aufsteigen k\u00f6nnen und wollen.","publisher":{"@id":"https:\/\/female-resources.de\/#organization"},"potentialAction":[{"@type":"SearchAction","target":{"@type":"EntryPoint","urlTemplate":"https:\/\/female-resources.de\/?s={search_term_string}"},"query-input":{"@type":"PropertyValueSpecification","valueRequired":true,"valueName":"search_term_string"}}],"inLanguage":"en-GB"},{"@type":"Organization","@id":"https:\/\/female-resources.de\/#organization","name":"Female Resources","url":"https:\/\/female-resources.de\/","logo":{"@type":"ImageObject","inLanguage":"en-GB","@id":"https:\/\/female-resources.de\/#\/schema\/logo\/image\/","url":"https:\/\/female-resources.de\/wp-content\/uploads\/2024\/06\/FR-Pink.svg","contentUrl":"https:\/\/female-resources.de\/wp-content\/uploads\/2024\/06\/FR-Pink.svg","width":300,"height":100,"caption":"Female Resources"},"image":{"@id":"https:\/\/female-resources.de\/#\/schema\/logo\/image\/"}},{"@type":"Person","@id":"https:\/\/female-resources.de\/#\/schema\/person\/b4668b599e9c96df7f391c655ae49bf4","name":"Brigitte","image":{"@type":"ImageObject","inLanguage":"en-GB","@id":"https:\/\/female-resources.de\/#\/schema\/person\/image\/","url":"https:\/\/secure.gravatar.com\/avatar\/2f2e9b7a6afccc555912a5b5f56b1b465c43b2c34d48c8e5eb742925369c9f55?s=96&d=mm&r=g","contentUrl":"https:\/\/secure.gravatar.com\/avatar\/2f2e9b7a6afccc555912a5b5f56b1b465c43b2c34d48c8e5eb742925369c9f55?s=96&d=mm&r=g","caption":"Brigitte"}}]}},"_links":{"self":[{"href":"https:\/\/female-resources.de\/en\/wp-json\/wp\/v2\/posts\/9732","targetHints":{"allow":["GET"]}}],"collection":[{"href":"https:\/\/female-resources.de\/en\/wp-json\/wp\/v2\/posts"}],"about":[{"href":"https:\/\/female-resources.de\/en\/wp-json\/wp\/v2\/types\/post"}],"author":[{"embeddable":true,"href":"https:\/\/female-resources.de\/en\/wp-json\/wp\/v2\/users\/3"}],"replies":[{"embeddable":true,"href":"https:\/\/female-resources.de\/en\/wp-json\/wp\/v2\/comments?post=9732"}],"version-history":[{"count":0,"href":"https:\/\/female-resources.de\/en\/wp-json\/wp\/v2\/posts\/9732\/revisions"}],"wp:featuredmedia":[{"embeddable":true,"href":"https:\/\/female-resources.de\/en\/wp-json\/wp\/v2\/media\/3897"}],"wp:attachment":[{"href":"https:\/\/female-resources.de\/en\/wp-json\/wp\/v2\/media?parent=9732"}],"wp:term":[{"taxonomy":"category","embeddable":true,"href":"https:\/\/female-resources.de\/en\/wp-json\/wp\/v2\/categories?post=9732"},{"taxonomy":"post_tag","embeddable":true,"href":"https:\/\/female-resources.de\/en\/wp-json\/wp\/v2\/tags?post=9732"}],"curies":[{"name":"wp","href":"https:\/\/api.w.org\/{rel}","templated":true}]}}